{"id":843,"date":"2023-03-07T07:47:34","date_gmt":"2023-03-07T06:47:34","guid":{"rendered":"https:\/\/www.trakt.eu\/oaw-dk92-s7\/?p=843"},"modified":"2025-10-01T11:16:16","modified_gmt":"2025-10-01T09:16:16","slug":"spotkania-informacyjne","status":"publish","type":"post","link":"https:\/\/www.trakt.eu\/oaw-dk92-s7\/spotkania-informacyjne\/","title":{"rendered":"Spotkania informacyjne [2023]"},"content":{"rendered":"<h3>AKCJA INFORMACYJNA NR 1, marzec 2023<\/h3>\n<p><!--more--><\/p>\n<p>Materia\u0142y do pobrania.<\/p>\n<p>Plan orientacyjny.<\/p>\n<p><a href=\"https:\/\/www.trakt.eu\/oaw-dk92-s7\/wp-content\/uploads\/2023\/12\/902_plan_orientacyjny-01.01-scaled.jpg\" data-rel=\"lightbox-image-0\" data-rl_title=\"\" data-rl_caption=\"\" title=\"\">\u00a0\u00a0\u00a0\u00a0\u00a0\u00a0 902_plan_orientacyjny-01.01<\/a><\/p>\n<p><a href=\"https:\/\/www.trakt.eu\/oaw-dk92-s7\/wp-content\/uploads\/2023\/12\/902_plan_orientacyjny-01.01.pdf\">\u00a0\u00a0\u00a0\u00a0\u00a0\u00a0 902_plan_orientacyjny-01.01<\/a><\/p>\n<p>Plany sytuacyjne dla trzech wariant\u00f3w.<\/p>\n<p><a href=\"https:\/\/www.trakt.eu\/oaw-dk92-s7\/wp-content\/uploads\/2023\/12\/902_plan_sytuacyjny_W1-02.01.pdf\">\u00a0\u00a0\u00a0\u00a0\u00a0\u00a0 902_plan_sytuacyjny_W1-02.01<\/a><\/p>\n<p><a href=\"https:\/\/www.trakt.eu\/oaw-dk92-s7\/wp-content\/uploads\/2023\/12\/902_plan_sytuacyjny_W1-02.02.pdf\">\u00a0\u00a0\u00a0\u00a0\u00a0\u00a0 902_plan_sytuacyjny_W1-02.02<\/a><\/p>\n<p><a href=\"https:\/\/www.trakt.eu\/oaw-dk92-s7\/wp-content\/uploads\/2023\/12\/902_plan_sytuacyjny_W1-02.03.pdf\">\u00a0\u00a0\u00a0\u00a0\u00a0\u00a0 902_plan_sytuacyjny_W1-02.03<\/a><\/p>\n<p><a href=\"https:\/\/www.trakt.eu\/oaw-dk92-s7\/wp-content\/uploads\/2023\/12\/902_plan_sytuacyjny_W1-02.04.pdf\">\u00a0\u00a0\u00a0\u00a0\u00a0\u00a0 902_plan_sytuacyjny_W1-02.04<\/a><\/p>\n<p><a href=\"https:\/\/www.trakt.eu\/oaw-dk92-s7\/wp-content\/uploads\/2023\/12\/902_plan_sytuacyjny_W1-02.05.pdf\">\u00a0\u00a0\u00a0\u00a0\u00a0\u00a0 902_plan_sytuacyjny_W1-02.05<\/a><\/p>\n<p><a href=\"https:\/\/www.trakt.eu\/oaw-dk92-s7\/wp-content\/uploads\/2023\/12\/902_plan_sytuacyjny_W1-02.06.pdf\">\u00a0\u00a0\u00a0\u00a0\u00a0\u00a0 902_plan_sytuacyjny_W1-02.06<\/a><\/p>\n<p><a href=\"https:\/\/www.trakt.eu\/oaw-dk92-s7\/wp-content\/uploads\/2023\/12\/902_plan_sytuacyjny_W1-02.07.pdf\">\u00a0\u00a0\u00a0\u00a0\u00a0\u00a0 902_plan_sytuacyjny_W1-02.07<\/a><\/p>\n<p>&nbsp;<\/p>\n<p><a href=\"https:\/\/www.trakt.eu\/oaw-dk92-s7\/wp-content\/uploads\/2023\/12\/902_plan_sytuacyjny_W2-02.01.pdf\">\u00a0\u00a0\u00a0\u00a0\u00a0\u00a0 902_plan_sytuacyjny_W2-02.01<\/a> <a href=\"https:\/\/www.trakt.eu\/oaw-dk92-s7\/wp-content\/uploads\/2023\/12\/902_plan_sytuacyjny_W2-02.03.pdf\"><\/a><\/p>\n<p><a href=\"https:\/\/www.trakt.eu\/oaw-dk92-s7\/wp-content\/uploads\/2023\/12\/902_plan_sytuacyjny_W2-02.03.pdf\">\u00a0\u00a0\u00a0\u00a0\u00a0\u00a0 902_plan_sytuacyjny_W2-02.03<\/a><\/p>\n<p><a href=\"https:\/\/www.trakt.eu\/oaw-dk92-s7\/wp-content\/uploads\/2023\/12\/902_plan_sytuacyjny_W2-02.02.pdf\">\u00a0\u00a0\u00a0\u00a0\u00a0\u00a0 902_plan_sytuacyjny_W2-02.02<\/a><\/p>\n<p><a href=\"https:\/\/www.trakt.eu\/oaw-dk92-s7\/wp-content\/uploads\/2023\/12\/902_plan_sytuacyjny_W2-02.04.pdf\">\u00a0\u00a0\u00a0\u00a0\u00a0\u00a0 902_plan_sytuacyjny_W2-02.04<\/a><\/p>\n<p><a href=\"https:\/\/www.trakt.eu\/oaw-dk92-s7\/wp-content\/uploads\/2023\/12\/902_plan_sytuacyjny_W2-02.06.pdf\">\u00a0\u00a0\u00a0 <\/a><a href=\"https:\/\/www.trakt.eu\/oaw-dk92-s7\/wp-content\/uploads\/2023\/12\/902_plan_sytuacyjny_W2-02.05.pdf\">\u00a0\u00a0 902_plan_sytuacyjny_W2-02.05<\/a><a href=\"https:\/\/www.trakt.eu\/oaw-dk92-s7\/wp-content\/uploads\/2023\/12\/902_plan_sytuacyjny_W2-02.06.pdf\">\u00a0\u00a0 <\/a><\/p>\n<p><a href=\"https:\/\/www.trakt.eu\/oaw-dk92-s7\/wp-content\/uploads\/2023\/12\/902_plan_sytuacyjny_W2-02.06.pdf\">\u00a0\u00a0\u00a0\u00a0\u00a0\u00a0 902_plan_sytuacyjny_W2-02.06<\/a><\/p>\n<p><a href=\"https:\/\/www.trakt.eu\/oaw-dk92-s7\/wp-content\/uploads\/2023\/12\/902_plan_sytuacyjny_W2-02.05.pdf\">\u00a0\u00a0\u00a0\u00a0 \u00a0 <\/a><a href=\"https:\/\/www.trakt.eu\/oaw-dk92-s7\/wp-content\/uploads\/2023\/12\/902_plan_sytuacyjny_W2-02.07.pdf\">902_plan_sytuacyjny_W2-02.07<\/a><\/p>\n<p>&nbsp;<\/p>\n<p><a href=\"https:\/\/www.trakt.eu\/oaw-dk92-s7\/wp-content\/uploads\/2023\/12\/902_plan_sytuacyjny_W3-02.01.pdf\">\u00a0\u00a0\u00a0\u00a0\u00a0\u00a0 902_plan_sytuacyjny_W3-02.01<\/a> <a href=\"https:\/\/www.trakt.eu\/oaw-dk92-s7\/wp-content\/uploads\/2023\/12\/902_plan_sytuacyjny_W3-02.02.pdf\"><\/a><\/p>\n<p><a href=\"https:\/\/www.trakt.eu\/oaw-dk92-s7\/wp-content\/uploads\/2023\/12\/902_plan_sytuacyjny_W3-02.02.pdf\">\u00a0\u00a0\u00a0\u00a0\u00a0\u00a0 902_plan_sytuacyjny_W3-02.02<\/a> <a href=\"https:\/\/www.trakt.eu\/oaw-dk92-s7\/wp-content\/uploads\/2023\/12\/902_plan_sytuacyjny_W3-02.03.pdf\"><\/a><\/p>\n<p><a href=\"https:\/\/www.trakt.eu\/oaw-dk92-s7\/wp-content\/uploads\/2023\/12\/902_plan_sytuacyjny_W3-02.03.pdf\">\u00a0\u00a0\u00a0\u00a0\u00a0\u00a0 902_plan_sytuacyjny_W3-02.03<\/a><\/p>\n<p><a href=\"https:\/\/www.trakt.eu\/oaw-dk92-s7\/wp-content\/uploads\/2023\/12\/902_plan_sytuacyjny_W3-02.04.pdf\">\u00a0\u00a0\u00a0\u00a0\u00a0\u00a0 902_plan_sytuacyjny_W3-02.04<\/a> <a href=\"https:\/\/www.trakt.eu\/oaw-dk92-s7\/wp-content\/uploads\/2023\/12\/902_plan_sytuacyjny_W3-02.06.pdf\"><\/a><\/p>\n<p><a href=\"https:\/\/www.trakt.eu\/oaw-dk92-s7\/wp-content\/uploads\/2023\/12\/902_plan_sytuacyjny_W3-02.05.pdf\">\u00a0\u00a0\u00a0\u00a0\u00a0\u00a0 902_plan_sytuacyjny_W3-02.05<\/a> <a href=\"https:\/\/www.trakt.eu\/oaw-dk92-s7\/wp-content\/uploads\/2023\/12\/902_plan_sytuacyjny_W3-02.07.pdf\"><\/a><\/p>\n<p><a href=\"https:\/\/www.trakt.eu\/oaw-dk92-s7\/wp-content\/uploads\/2023\/12\/902_plan_sytuacyjny_W3-02.06.pdf\">\u00a0\u00a0\u00a0\u00a0\u00a0\u00a0 902_plan_sytuacyjny_W3-02.06<\/a><\/p>\n<p><a href=\"https:\/\/www.trakt.eu\/oaw-dk92-s7\/wp-content\/uploads\/2023\/12\/902_plan_sytuacyjny_W3-02.07.pdf\">\u00a0\u00a0\u00a0\u00a0\u00a0\u00a0 902_plan_sytuacyjny_W3-02.07<\/a><\/p>\n<p>Formularz.<\/p>\n<p><a href=\"https:\/\/www.trakt.eu\/oaw-dk92-s7\/wp-content\/uploads\/2023\/12\/902_formularz_opinii_OAW.pdf\">\u00a0\u00a0\u00a0\u00a0\u00a0\u00a0 902_formularz_opinii_OAW<\/a><\/p>\n<p><a href=\"https:\/\/www.trakt.eu\/oaw-dk92-s7\/wp-content\/uploads\/2023\/12\/902_formularz_opinii_OAW.docx\">\u00a0\u00a0\u00a0\u00a0\u00a0\u00a0 902_formularz_opinii_OAW<\/a><\/p>\n<p>Odszkodowania.<\/p>\n<p><a href=\"https:\/\/www.trakt.eu\/oaw-dk92-s7\/wp-content\/uploads\/2023\/12\/Procedura-odszkodowawcza.pdf\">\u00a0\u00a0\u00a0\u00a0\u00a0\u00a0 Procedura odszkodowawcza<\/a> <a href=\"https:\/\/www.trakt.eu\/oaw-dk92-s7\/wp-content\/uploads\/2023\/12\/Przejmowanie-nieruchomosci-pod-DK.pdf\"><\/a><\/p>\n<p><a href=\"https:\/\/www.trakt.eu\/oaw-dk92-s7\/wp-content\/uploads\/2023\/12\/Przejmowanie-nieruchomosci-pod-DK.pdf\">\u00a0\u00a0\u00a0\u00a0\u00a0\u00a0 Przejmowanie nieruchomo\u015bci pod DK<\/a><\/p>\n<p>Opinie nale\u017cy przekazywa\u0107 na\u00a0udost\u0119pnionych poni\u017cej formularzach:<\/p>\n<p><a href=\"https:\/\/www.trakt.eu\/oaw-dk92-s7\/wp-content\/uploads\/2023\/12\/902_formularz_opinii_OAW-1.pdf\">\u00a0\u00a0\u00a0\u00a0\u00a0\u00a0 902_formularz_opinii_OAW<\/a> <a href=\"https:\/\/www.trakt.eu\/oaw-dk92-s7\/wp-content\/uploads\/2023\/12\/902_formularz_opinii_OAW-1.docx\"><\/a><\/p>\n<p><a href=\"https:\/\/www.trakt.eu\/oaw-dk92-s7\/wp-content\/uploads\/2023\/12\/902_formularz_opinii_OAW-1.docx\">\u00a0\u00a0\u00a0\u00a0\u00a0\u00a0 902_formularz_opinii_OAW<\/a><\/p>\n<p class=\"intro\">W wyniku dotychczas przeprowadzonej serii spotka\u0144 informacyjnych, kt\u00f3re dotyczy\u0142y wst\u0119pnych prac koncepcyjnych dla planowanej Obwodnicy Aglomeracji Warszawskiej (OAW), podj\u0119li\u015bmy decyzj\u0119 o ich czasowym zawieszeniu. Terminy kolejnych spotka\u0144 informacyjnych ustalimy, po przeprowadzeniu stosownych analiz i mo\u017cliwych rozwi\u0105za\u0144, uwzgl\u0119dniaj\u0105cych dotychczas podniesione argumenty merytoryczne i oczekiwania spo\u0142eczne.<\/p>\n<p><img loading=\"lazy\" decoding=\"async\" src=\"https:\/\/www.trakt.eu\/oaw-dk92-s7\/wp-content\/uploads\/2023\/02\/1460x616.jpeg\" alt=\"\" class=\"alignnone wp-image-839\" width=\"777\" height=\"329\" srcset=\"https:\/\/www.trakt.eu\/oaw-dk92-s7\/wp-content\/uploads\/2023\/02\/1460x616.jpeg 1460w, https:\/\/www.trakt.eu\/oaw-dk92-s7\/wp-content\/uploads\/2023\/02\/1460x616-300x127.jpeg 300w, https:\/\/www.trakt.eu\/oaw-dk92-s7\/wp-content\/uploads\/2023\/02\/1460x616-1024x432.jpeg 1024w, https:\/\/www.trakt.eu\/oaw-dk92-s7\/wp-content\/uploads\/2023\/02\/1460x616-768x324.jpeg 768w\" sizes=\"auto, (max-width: 777px) 100vw, 777px\" \/><\/p>\n<div>\n<p>Obecnie projektanci pracuj\u0105 nad opracowaniem Studium techniczno-ekonomiczno-\u015brodowiskowego, kt\u00f3rego celem jest wskazanie optymalnych wariant\u00f3w przebiegu tej drogi.<\/p>\n<p>Dotychczasowe spotkania informacyjne pokaza\u0142y nam potrzeb\u0119 przeprowadzenia dodatkowych, wieloaspektowych analiz. Dotyczy\u0107 one b\u0119d\u0105 m.in. kwestii \u015brodowiskowych, spo\u0142ecznych oraz optymalnych powi\u0105za\u0144 komunikacyjnych, uwzgl\u0119dniaj\u0105cych lokalne potrzeby i plany pozosta\u0142ych inwestor\u00f3w. Bierzemy przy tym pod uwag\u0119 szczeg\u00f3lny charakter tej cz\u0119\u015bci Mazowsza oraz potencjaln\u0105 skal\u0119 oddzia\u0142ywania planowanych inwestycji.<\/p>\n<p>O wznowieniu spotka\u0144 b\u0119dziemy informowa\u0107.<\/p>\n<p>Dzi\u0119kujemy za dotychczasowe g\u0142osy i czekamy na kolejne opinie. W ramach prac projektowych dla OAW od DK92 do S7 mo\u017cna je sk\u0142ada\u0107 poczt\u0105 e-mail na adres: oaw-dk92-s7@trakt.eu lub poczt\u0105 tradycyjn\u0105 na adres: TRAKT Sp. z o.o. Sp.k., ul. Jesionowa 9a, 40-159 Katowice. Termin up\u0142ywa 28 marca br. a materia\u0142y informacyjne wraz z formularzem dost\u0119pne s\u0105 na stronie internetowej: <a href=\"https:\/\/www.trakt.eu\/oaw-dk92-s7\/\">www.trakt.eu\/oaw-dk92-s7<\/a>.<\/p>\n<\/div>\n","protected":false},"excerpt":{"rendered":"<p>AKCJA INFORMACYJNA NR 1, marzec 2023<\/p>\n","protected":false},"author":1,"featured_media":0,"comment_status":"closed","ping_status":"closed","sticky":false,"template":"","format":"standard","meta":{"footnotes":""},"categories":[1],"tags":[],"class_list":["post-843","post","type-post","status-publish","format-standard","hentry","category-bez-kategorii"],"_links":{"self":[{"href":"https:\/\/www.trakt.eu\/oaw-dk92-s7\/wp-json\/wp\/v2\/posts\/843","targetHints":{"allow":["GET"]}}],"collection":[{"href":"https:\/\/www.trakt.eu\/oaw-dk92-s7\/wp-json\/wp\/v2\/posts"}],"about":[{"href":"https:\/\/www.trakt.eu\/oaw-dk92-s7\/wp-json\/wp\/v2\/types\/post"}],"author":[{"embeddable":true,"href":"https:\/\/www.trakt.eu\/oaw-dk92-s7\/wp-json\/wp\/v2\/users\/1"}],"replies":[{"embeddable":true,"href":"https:\/\/www.trakt.eu\/oaw-dk92-s7\/wp-json\/wp\/v2\/comments?post=843"}],"version-history":[{"count":28,"href":"https:\/\/www.trakt.eu\/oaw-dk92-s7\/wp-json\/wp\/v2\/posts\/843\/revisions"}],"predecessor-version":[{"id":1042,"href":"https:\/\/www.trakt.eu\/oaw-dk92-s7\/wp-json\/wp\/v2\/posts\/843\/revisions\/1042"}],"wp:attachment":[{"href":"https:\/\/www.trakt.eu\/oaw-dk92-s7\/wp-json\/wp\/v2\/media?parent=843"}],"wp:term":[{"taxonomy":"category","embeddable":true,"href":"https:\/\/www.trakt.eu\/oaw-dk92-s7\/wp-json\/wp\/v2\/categories?post=843"},{"taxonomy":"post_tag","embeddable":true,"href":"https:\/\/www.trakt.eu\/oaw-dk92-s7\/wp-json\/wp\/v2\/tags?post=843"}],"curies":[{"name":"wp","href":"https:\/\/api.w.org\/{rel}","templated":true}]}}