{"id":667,"date":"2024-09-27T09:37:15","date_gmt":"2024-09-27T07:37:15","guid":{"rendered":"https:\/\/www.trakt.eu\/obwodnica-pisza\/?p=667"},"modified":"2024-09-27T09:55:51","modified_gmt":"2024-09-27T07:55:51","slug":"aktualna-dokumentacja-projektowa-na-dzien-30-09-2024-r","status":"publish","type":"post","link":"https:\/\/www.trakt.eu\/obwodnica-pisza\/aktualna-dokumentacja-projektowa-na-dzien-30-09-2024-r\/","title":{"rendered":"Aktualna dokumentacja projektowa na dzie\u0144 30.09.2024 r."},"content":{"rendered":"<p>W zwi\u0105zku z post\u0119pem prac projektowych poni\u017cej przedstawiamy aktualne rozwi\u0105zania projektowe dla obwodnicy Pisza w ci\u0105gu dr\u00f3g krajowych nr 58 i 63 w wariancie W2C.<\/p>\n<p><!--more--><\/p>\n<p><a href=\"https:\/\/www.trakt.eu\/obwodnica-pisza\/wp-content\/uploads\/2024\/09\/01.01_01.II-STES-01_pl_orientacyjny.pdf\">01.01_01.II-STES-01_pl_orientacyjny<\/a><br \/>\n<a href=\"https:\/\/www.trakt.eu\/obwodnica-pisza\/wp-content\/uploads\/2024\/09\/02.00_01.II-STES-01_legenda.pdf\">02.00_01.II-STES-01_legenda<\/a><br \/>\n<a href=\"https:\/\/www.trakt.eu\/obwodnica-pisza\/wp-content\/uploads\/2024\/09\/02.01_01.II-STES-01_plan_syt.pdf\">02.01_01.II-STES-01_plan_syt<\/a><br \/>\n<a href=\"https:\/\/www.trakt.eu\/obwodnica-pisza\/wp-content\/uploads\/2024\/09\/02.02_01.II-STES-01_plan_syt.pdf\">02.02_01.II-STES-01_plan_syt<\/a><br \/>\n<a href=\"https:\/\/www.trakt.eu\/obwodnica-pisza\/wp-content\/uploads\/2024\/09\/02.03_01.II-STES-01_plan_syt.pdf\">02.03_01.II-STES-01_plan_syt<\/a><br \/>\n<a href=\"https:\/\/www.trakt.eu\/obwodnica-pisza\/wp-content\/uploads\/2024\/09\/02.04_01.II-STES-01_plan_syt.pdf\">02.04_01.II-STES-01_plan_syt<\/a><br \/>\n<a href=\"https:\/\/www.trakt.eu\/obwodnica-pisza\/wp-content\/uploads\/2024\/09\/02.05_01.II-STES-01_plan_syt.pdf\">02.05_01.II-STES-01_plan_syt<\/a><\/p>\n","protected":false},"excerpt":{"rendered":"<p>W zwi\u0105zku z post\u0119pem prac projektowych poni\u017cej przedstawiamy aktualne rozwi\u0105zania projektowe dla obwodnicy Pisza w ci\u0105gu dr\u00f3g krajowych nr 58 i 63 w wariancie W2C.<\/p>\n","protected":false},"author":1,"featured_media":0,"comment_status":"closed","ping_status":"closed","sticky":false,"template":"","format":"standard","meta":{"footnotes":""},"categories":[1],"tags":[],"class_list":["post-667","post","type-post","status-publish","format-standard","hentry","category-bez-kategorii"],"_links":{"self":[{"href":"https:\/\/www.trakt.eu\/obwodnica-pisza\/wp-json\/wp\/v2\/posts\/667","targetHints":{"allow":["GET"]}}],"collection":[{"href":"https:\/\/www.trakt.eu\/obwodnica-pisza\/wp-json\/wp\/v2\/posts"}],"about":[{"href":"https:\/\/www.trakt.eu\/obwodnica-pisza\/wp-json\/wp\/v2\/types\/post"}],"author":[{"embeddable":true,"href":"https:\/\/www.trakt.eu\/obwodnica-pisza\/wp-json\/wp\/v2\/users\/1"}],"replies":[{"embeddable":true,"href":"https:\/\/www.trakt.eu\/obwodnica-pisza\/wp-json\/wp\/v2\/comments?post=667"}],"version-history":[{"count":4,"href":"https:\/\/www.trakt.eu\/obwodnica-pisza\/wp-json\/wp\/v2\/posts\/667\/revisions"}],"predecessor-version":[{"id":678,"href":"https:\/\/www.trakt.eu\/obwodnica-pisza\/wp-json\/wp\/v2\/posts\/667\/revisions\/678"}],"wp:attachment":[{"href":"https:\/\/www.trakt.eu\/obwodnica-pisza\/wp-json\/wp\/v2\/media?parent=667"}],"wp:term":[{"taxonomy":"category","embeddable":true,"href":"https:\/\/www.trakt.eu\/obwodnica-pisza\/wp-json\/wp\/v2\/categories?post=667"},{"taxonomy":"post_tag","embeddable":true,"href":"https:\/\/www.trakt.eu\/obwodnica-pisza\/wp-json\/wp\/v2\/tags?post=667"}],"curies":[{"name":"wp","href":"https:\/\/api.w.org\/{rel}","templated":true}]}}