{"id":484,"date":"2021-09-16T11:08:38","date_gmt":"2021-09-16T09:08:38","guid":{"rendered":"https:\/\/www.trakt.eu\/obwodnica_brzesc-kujawski\/?p=484"},"modified":"2021-09-16T16:58:53","modified_gmt":"2021-09-16T14:58:53","slug":"podpisanie-umowy-na-projektowanie-obwodnicy","status":"publish","type":"post","link":"https:\/\/www.trakt.eu\/obwodnica_brzesc-kujawski\/2021\/09\/podpisanie-umowy-na-projektowanie-obwodnicy\/","title":{"rendered":"Podpisanie umowy na projektowanie obwodnicy"},"content":{"rendered":"<p>Dnia 11.05.2021 roku zawarta zosta\u0142a umowa pomi\u0119dzy Skarbem Pa\u0144stwa \u2013 Generalnym Dyrektorem Dr\u00f3g Krajowych i Autostrad, reprezentowanym przez Generaln\u0105 Dyrekcj\u0119 Dr\u00f3g Krajowych i Autostrad Oddzia\u0142 w Bydgoszczy, a Konsorcjum w sk\u0142adzie: TRAKT Sp. z o.o. Sp. k. z siedzib\u0105 w Katowicach \u2013 Lider oraz TRAKT Sp. z o.o. z siedzib\u0105 w Katowicach \u2013 Partner na opracowanie projektu obwodnicy Brze\u015bcia Kujawskiego.<\/p>\n","protected":false},"excerpt":{"rendered":"<p>Dnia 11.05.2021 roku zawarta zosta\u0142a umowa pomi\u0119dzy Skarbem Pa\u0144stwa \u2013 Generalnym Dyrektorem Dr\u00f3g Krajowych i Autostrad, reprezentowanym przez Generaln\u0105 Dyrekcj\u0119 Dr\u00f3g Krajowych i Autostrad Oddzia\u0142 w Bydgoszczy, a Konsorcjum w sk\u0142adzie: TRAKT Sp. z o.o. Sp. k. z siedzib\u0105 w Katowicach \u2013 Lider oraz TRAKT Sp. z o.o. z siedzib\u0105 [&hellip;]<\/p>\n","protected":false},"author":1,"featured_media":0,"comment_status":"closed","ping_status":"closed","sticky":false,"template":"","format":"standard","meta":{"footnotes":""},"categories":[1],"tags":[],"class_list":["post-484","post","type-post","status-publish","format-standard","hentry","category-bez-kategorii"],"_links":{"self":[{"href":"https:\/\/www.trakt.eu\/obwodnica_brzesc-kujawski\/wp-json\/wp\/v2\/posts\/484","targetHints":{"allow":["GET"]}}],"collection":[{"href":"https:\/\/www.trakt.eu\/obwodnica_brzesc-kujawski\/wp-json\/wp\/v2\/posts"}],"about":[{"href":"https:\/\/www.trakt.eu\/obwodnica_brzesc-kujawski\/wp-json\/wp\/v2\/types\/post"}],"author":[{"embeddable":true,"href":"https:\/\/www.trakt.eu\/obwodnica_brzesc-kujawski\/wp-json\/wp\/v2\/users\/1"}],"replies":[{"embeddable":true,"href":"https:\/\/www.trakt.eu\/obwodnica_brzesc-kujawski\/wp-json\/wp\/v2\/comments?post=484"}],"version-history":[{"count":2,"href":"https:\/\/www.trakt.eu\/obwodnica_brzesc-kujawski\/wp-json\/wp\/v2\/posts\/484\/revisions"}],"predecessor-version":[{"id":507,"href":"https:\/\/www.trakt.eu\/obwodnica_brzesc-kujawski\/wp-json\/wp\/v2\/posts\/484\/revisions\/507"}],"wp:attachment":[{"href":"https:\/\/www.trakt.eu\/obwodnica_brzesc-kujawski\/wp-json\/wp\/v2\/media?parent=484"}],"wp:term":[{"taxonomy":"category","embeddable":true,"href":"https:\/\/www.trakt.eu\/obwodnica_brzesc-kujawski\/wp-json\/wp\/v2\/categories?post=484"},{"taxonomy":"post_tag","embeddable":true,"href":"https:\/\/www.trakt.eu\/obwodnica_brzesc-kujawski\/wp-json\/wp\/v2\/tags?post=484"}],"curies":[{"name":"wp","href":"https:\/\/api.w.org\/{rel}","templated":true}]}}