{"id":486,"date":"2021-09-16T11:10:01","date_gmt":"2021-09-16T09:10:01","guid":{"rendered":"https:\/\/www.trakt.eu\/obwodnica_brzesc-kujawski\/?p=486"},"modified":"2021-09-16T11:10:22","modified_gmt":"2021-09-16T09:10:22","slug":"trwaja-prace-nad-wariantami-obwodnicy","status":"publish","type":"post","link":"https:\/\/www.trakt.eu\/obwodnica_brzesc-kujawski\/2021\/09\/trwaja-prace-nad-wariantami-obwodnicy\/","title":{"rendered":"Trwaj\u0105 prace nad wariantami obwodnicy"},"content":{"rendered":"<p>Biuro Projektowe Trakt w porozumieniu z GDDKiA pracuje nad wariantami prowadzenia obwodnicy Brze\u015bcia Kujawskiego. Niniejszym prezentujemy rozpatrywane warianty.<\/p>\n<p><a href=\"https:\/\/www.trakt.eu\/obwodnica_brzesc-kujawski\/brzesc\/\"><img loading=\"lazy\" decoding=\"async\" src=\"https:\/\/www.trakt.eu\/obwodnica_brzesc-kujawski\/wp-content\/uploads\/2021\/09\/brzesc-1024x556.jpg\" alt=\"\" class=\"alignnone size-large wp-image-464\" width=\"750\" height=\"407\" srcset=\"https:\/\/www.trakt.eu\/obwodnica_brzesc-kujawski\/wp-content\/uploads\/2021\/09\/brzesc-1024x556.jpg 1024w, https:\/\/www.trakt.eu\/obwodnica_brzesc-kujawski\/wp-content\/uploads\/2021\/09\/brzesc-300x163.jpg 300w, https:\/\/www.trakt.eu\/obwodnica_brzesc-kujawski\/wp-content\/uploads\/2021\/09\/brzesc-768x417.jpg 768w, https:\/\/www.trakt.eu\/obwodnica_brzesc-kujawski\/wp-content\/uploads\/2021\/09\/brzesc-1536x834.jpg 1536w, https:\/\/www.trakt.eu\/obwodnica_brzesc-kujawski\/wp-content\/uploads\/2021\/09\/brzesc.jpg 1664w\" sizes=\"auto, (max-width: 750px) 100vw, 750px\" \/><\/a><\/p>\n<p>Jednocze\u015bnie trwa inwentaryzacja przyrodnicza dla rozpatrywanych wariant\u00f3w.<\/p>\n<p>20210901<\/p>\n","protected":false},"excerpt":{"rendered":"<p>Biuro Projektowe Trakt w porozumieniu z GDDKiA pracuje nad wariantami prowadzenia obwodnicy Brze\u015bcia Kujawskiego. Niniejszym prezentujemy rozpatrywane warianty. Jednocze\u015bnie trwa inwentaryzacja przyrodnicza dla rozpatrywanych wariant\u00f3w. 20210901<\/p>\n","protected":false},"author":1,"featured_media":0,"comment_status":"closed","ping_status":"closed","sticky":false,"template":"","format":"standard","meta":{"footnotes":""},"categories":[1],"tags":[],"class_list":["post-486","post","type-post","status-publish","format-standard","hentry","category-bez-kategorii"],"_links":{"self":[{"href":"https:\/\/www.trakt.eu\/obwodnica_brzesc-kujawski\/wp-json\/wp\/v2\/posts\/486","targetHints":{"allow":["GET"]}}],"collection":[{"href":"https:\/\/www.trakt.eu\/obwodnica_brzesc-kujawski\/wp-json\/wp\/v2\/posts"}],"about":[{"href":"https:\/\/www.trakt.eu\/obwodnica_brzesc-kujawski\/wp-json\/wp\/v2\/types\/post"}],"author":[{"embeddable":true,"href":"https:\/\/www.trakt.eu\/obwodnica_brzesc-kujawski\/wp-json\/wp\/v2\/users\/1"}],"replies":[{"embeddable":true,"href":"https:\/\/www.trakt.eu\/obwodnica_brzesc-kujawski\/wp-json\/wp\/v2\/comments?post=486"}],"version-history":[{"count":2,"href":"https:\/\/www.trakt.eu\/obwodnica_brzesc-kujawski\/wp-json\/wp\/v2\/posts\/486\/revisions"}],"predecessor-version":[{"id":488,"href":"https:\/\/www.trakt.eu\/obwodnica_brzesc-kujawski\/wp-json\/wp\/v2\/posts\/486\/revisions\/488"}],"wp:attachment":[{"href":"https:\/\/www.trakt.eu\/obwodnica_brzesc-kujawski\/wp-json\/wp\/v2\/media?parent=486"}],"wp:term":[{"taxonomy":"category","embeddable":true,"href":"https:\/\/www.trakt.eu\/obwodnica_brzesc-kujawski\/wp-json\/wp\/v2\/categories?post=486"},{"taxonomy":"post_tag","embeddable":true,"href":"https:\/\/www.trakt.eu\/obwodnica_brzesc-kujawski\/wp-json\/wp\/v2\/tags?post=486"}],"curies":[{"name":"wp","href":"https:\/\/api.w.org\/{rel}","templated":true}]}}