{"id":489,"date":"2021-09-16T11:13:15","date_gmt":"2021-09-16T09:13:15","guid":{"rendered":"https:\/\/www.trakt.eu\/obwodnica_brzesc-kujawski\/?p=489"},"modified":"2021-09-16T11:21:09","modified_gmt":"2021-09-16T09:21:09","slug":"spotkania-informacyjne","status":"publish","type":"post","link":"https:\/\/www.trakt.eu\/obwodnica_brzesc-kujawski\/2021\/09\/spotkania-informacyjne\/","title":{"rendered":"Spotkania informacyjne"},"content":{"rendered":"<p>Zapraszamy do zg\u0142aszania uwag w ankiecie dotycz\u0105cej budowy obwodnicy Brze\u015bcia Kujawskiego oraz do uczestnictwa w spotkaniu informacyjnym w sprawie opracowania projektowego dla obwodnicy Brze\u015bcia Kujawskiego.<\/p>\n<p>Do pobrania:<\/p>\n<p><a href=\"https:\/\/www.trakt.eu\/obwodnica_brzesc-kujawski\/2021\/09\/16\/spotkania-informacyjne\/819__ankieta_brzesckuj\/\" rel=\"attachment wp-att-490\">819__Ankieta_Brze\u015b\u0107Kuj<\/a><\/p>\n<p><a href=\"https:\/\/www.trakt.eu\/obwodnica_brzesc-kujawski\/2021\/09\/16\/spotkania-informacyjne\/819_plakat_informacyjny_brzesckuj\/\" rel=\"attachment wp-att-492\">819_Plakat_informacyjny_BrzescKuj<\/a> <a href=\"https:\/\/www.trakt.eu\/obwodnica_brzesc-kujawski\/2021\/09\/16\/spotkania-informacyjne\/819_orientacja-01-01\/\" rel=\"attachment wp-att-491\"><\/a><\/p>\n<p><a href=\"https:\/\/www.trakt.eu\/obwodnica_brzesc-kujawski\/2021\/09\/16\/spotkania-informacyjne\/819_orientacja-01-01\/\" rel=\"attachment wp-att-491\">819_orientacja-01.01<\/a><\/p>\n<p><a href=\"https:\/\/www.trakt.eu\/obwodnica_brzesc-kujawski\/spotkania-informacyjne\/spotkania-informacyjne-brzesc-kujawski\/\" rel=\"attachment wp-att-493\"><img loading=\"lazy\" decoding=\"async\" src=\"https:\/\/www.trakt.eu\/obwodnica_brzesc-kujawski\/wp-content\/uploads\/2021\/09\/Spotkania-informacyjne-Brzesc-Kujawski.jpg\" alt=\"\" class=\"alignnone wp-image-493 size-full\" width=\"1169\" height=\"826\" srcset=\"https:\/\/www.trakt.eu\/obwodnica_brzesc-kujawski\/wp-content\/uploads\/2021\/09\/Spotkania-informacyjne-Brzesc-Kujawski.jpg 1169w, https:\/\/www.trakt.eu\/obwodnica_brzesc-kujawski\/wp-content\/uploads\/2021\/09\/Spotkania-informacyjne-Brzesc-Kujawski-300x212.jpg 300w, https:\/\/www.trakt.eu\/obwodnica_brzesc-kujawski\/wp-content\/uploads\/2021\/09\/Spotkania-informacyjne-Brzesc-Kujawski-1024x724.jpg 1024w, https:\/\/www.trakt.eu\/obwodnica_brzesc-kujawski\/wp-content\/uploads\/2021\/09\/Spotkania-informacyjne-Brzesc-Kujawski-768x543.jpg 768w\" sizes=\"auto, (max-width: 1169px) 100vw, 1169px\" \/><\/a><\/p>\n","protected":false},"excerpt":{"rendered":"<p>Zapraszamy do zg\u0142aszania uwag w ankiecie dotycz\u0105cej budowy obwodnicy Brze\u015bcia Kujawskiego oraz do uczestnictwa w spotkaniu informacyjnym w sprawie opracowania projektowego dla obwodnicy Brze\u015bcia Kujawskiego. Do pobrania: 819__Ankieta_Brze\u015b\u0107Kuj 819_Plakat_informacyjny_BrzescKuj 819_orientacja-01.01<\/p>\n","protected":false},"author":1,"featured_media":0,"comment_status":"closed","ping_status":"closed","sticky":false,"template":"","format":"standard","meta":{"footnotes":""},"categories":[1],"tags":[],"class_list":["post-489","post","type-post","status-publish","format-standard","hentry","category-bez-kategorii"],"_links":{"self":[{"href":"https:\/\/www.trakt.eu\/obwodnica_brzesc-kujawski\/wp-json\/wp\/v2\/posts\/489","targetHints":{"allow":["GET"]}}],"collection":[{"href":"https:\/\/www.trakt.eu\/obwodnica_brzesc-kujawski\/wp-json\/wp\/v2\/posts"}],"about":[{"href":"https:\/\/www.trakt.eu\/obwodnica_brzesc-kujawski\/wp-json\/wp\/v2\/types\/post"}],"author":[{"embeddable":true,"href":"https:\/\/www.trakt.eu\/obwodnica_brzesc-kujawski\/wp-json\/wp\/v2\/users\/1"}],"replies":[{"embeddable":true,"href":"https:\/\/www.trakt.eu\/obwodnica_brzesc-kujawski\/wp-json\/wp\/v2\/comments?post=489"}],"version-history":[{"count":3,"href":"https:\/\/www.trakt.eu\/obwodnica_brzesc-kujawski\/wp-json\/wp\/v2\/posts\/489\/revisions"}],"predecessor-version":[{"id":502,"href":"https:\/\/www.trakt.eu\/obwodnica_brzesc-kujawski\/wp-json\/wp\/v2\/posts\/489\/revisions\/502"}],"wp:attachment":[{"href":"https:\/\/www.trakt.eu\/obwodnica_brzesc-kujawski\/wp-json\/wp\/v2\/media?parent=489"}],"wp:term":[{"taxonomy":"category","embeddable":true,"href":"https:\/\/www.trakt.eu\/obwodnica_brzesc-kujawski\/wp-json\/wp\/v2\/categories?post=489"},{"taxonomy":"post_tag","embeddable":true,"href":"https:\/\/www.trakt.eu\/obwodnica_brzesc-kujawski\/wp-json\/wp\/v2\/tags?post=489"}],"curies":[{"name":"wp","href":"https:\/\/api.w.org\/{rel}","templated":true}]}}