{"id":511,"date":"2021-09-30T11:30:48","date_gmt":"2021-09-30T09:30:48","guid":{"rendered":"https:\/\/www.trakt.eu\/obwodnica_brzesc-kujawski\/?p=511"},"modified":"2022-11-08T09:44:35","modified_gmt":"2022-11-08T08:44:35","slug":"spotkanie-informacyjne-z-dnia-29-09-2021-roku","status":"publish","type":"post","link":"https:\/\/www.trakt.eu\/obwodnica_brzesc-kujawski\/2021\/09\/spotkanie-informacyjne-z-dnia-29-09-2021-roku\/","title":{"rendered":"Spotkanie informacyjne z dnia 29.09.2021 roku."},"content":{"rendered":"<p>29.09.2021 roku odby\u0142o si\u0119 spotkanie informacyjne w sprawie opracowania projektowego dla Obwodnicy Brze\u015bcia Kujawskiego. Trwa weryfikacja z\u0142o\u017conych wniosk\u00f3w, dzi\u0119kujemy za udzia\u0142 w spotkaniu.<\/p>\n","protected":false},"excerpt":{"rendered":"<p>29.09.2021 roku odby\u0142o si\u0119 spotkanie informacyjne w sprawie opracowania projektowego dla Obwodnicy Brze\u015bcia Kujawskiego. Trwa weryfikacja z\u0142o\u017conych wniosk\u00f3w, dzi\u0119kujemy za udzia\u0142 w spotkaniu.<\/p>\n","protected":false},"author":1,"featured_media":0,"comment_status":"closed","ping_status":"closed","sticky":false,"template":"","format":"standard","meta":{"footnotes":""},"categories":[1],"tags":[],"class_list":["post-511","post","type-post","status-publish","format-standard","hentry","category-bez-kategorii"],"_links":{"self":[{"href":"https:\/\/www.trakt.eu\/obwodnica_brzesc-kujawski\/wp-json\/wp\/v2\/posts\/511","targetHints":{"allow":["GET"]}}],"collection":[{"href":"https:\/\/www.trakt.eu\/obwodnica_brzesc-kujawski\/wp-json\/wp\/v2\/posts"}],"about":[{"href":"https:\/\/www.trakt.eu\/obwodnica_brzesc-kujawski\/wp-json\/wp\/v2\/types\/post"}],"author":[{"embeddable":true,"href":"https:\/\/www.trakt.eu\/obwodnica_brzesc-kujawski\/wp-json\/wp\/v2\/users\/1"}],"replies":[{"embeddable":true,"href":"https:\/\/www.trakt.eu\/obwodnica_brzesc-kujawski\/wp-json\/wp\/v2\/comments?post=511"}],"version-history":[{"count":2,"href":"https:\/\/www.trakt.eu\/obwodnica_brzesc-kujawski\/wp-json\/wp\/v2\/posts\/511\/revisions"}],"predecessor-version":[{"id":521,"href":"https:\/\/www.trakt.eu\/obwodnica_brzesc-kujawski\/wp-json\/wp\/v2\/posts\/511\/revisions\/521"}],"wp:attachment":[{"href":"https:\/\/www.trakt.eu\/obwodnica_brzesc-kujawski\/wp-json\/wp\/v2\/media?parent=511"}],"wp:term":[{"taxonomy":"category","embeddable":true,"href":"https:\/\/www.trakt.eu\/obwodnica_brzesc-kujawski\/wp-json\/wp\/v2\/categories?post=511"},{"taxonomy":"post_tag","embeddable":true,"href":"https:\/\/www.trakt.eu\/obwodnica_brzesc-kujawski\/wp-json\/wp\/v2\/tags?post=511"}],"curies":[{"name":"wp","href":"https:\/\/api.w.org\/{rel}","templated":true}]}}