{"id":517,"date":"2022-11-08T09:31:27","date_gmt":"2022-11-08T08:31:27","guid":{"rendered":"https:\/\/www.trakt.eu\/obwodnica_brzesc-kujawski\/?p=517"},"modified":"2023-12-22T12:39:44","modified_gmt":"2023-12-22T11:39:44","slug":"spotkanie-informacyjne-z-dnia-02-11-2022-roku","status":"publish","type":"post","link":"https:\/\/www.trakt.eu\/obwodnica_brzesc-kujawski\/2022\/11\/spotkanie-informacyjne-z-dnia-02-11-2022-roku\/","title":{"rendered":"Spotkanie informacyjne z dnia 02.11.2022 roku."},"content":{"rendered":"<p>W dniu 02.11.2022 roku odby\u0142o si\u0119 spotkanie informacyjne w sprawie opracowania projektowego dla Obwodnicy Brze\u015bcia Kujawskiego.<\/p>\n<p>Trwa weryfikacja z\u0142o\u017conych wniosk\u00f3w, dzi\u0119kujemy za udzia\u0142 w spotkaniu.<\/p>\n<p><a href=\"https:\/\/www.trakt.eu\/obwodnica_brzesc-kujawski\/wp-content\/uploads\/2023\/12\/01.01_Plan_orientacyjny.pdf\">01.01_Plan_orientacyjny<\/a> <a href=\"https:\/\/www.trakt.eu\/obwodnica_brzesc-kujawski\/wp-content\/uploads\/2023\/12\/02.00_819_pl_syt_zbiorczy_calosc.pdf\"><\/a><\/p>\n<p><a href=\"https:\/\/www.trakt.eu\/obwodnica_brzesc-kujawski\/wp-content\/uploads\/2023\/12\/02.00_819_pl_syt_zbiorczy_calosc.pdf\">02.00_819_pl_syt_zbiorczy_calosc<\/a><\/p>\n<p><a href=\"https:\/\/www.trakt.eu\/obwodnica_brzesc-kujawski\/wp-content\/uploads\/2023\/12\/03.00_819_pl_syt_Wariant_1.pdf\">03.00_819_pl_syt_Wariant_1<\/a><\/p>\n<p><a href=\"https:\/\/www.trakt.eu\/obwodnica_brzesc-kujawski\/wp-content\/uploads\/2023\/12\/04.00_819_pl_syt_Wariant_1B.pdf\">04.00_819_pl_syt_Wariant_1B<\/a><\/p>\n<p><a href=\"https:\/\/www.trakt.eu\/obwodnica_brzesc-kujawski\/wp-content\/uploads\/2023\/12\/05.00_819_pl_syt_Wariant_2.pdf\">05.00_819_pl_syt_Wariant_2<\/a><\/p>\n<p><a href=\"https:\/\/www.trakt.eu\/obwodnica_brzesc-kujawski\/wp-content\/uploads\/2023\/12\/Ankieta_Brzesc_Kujawski.pdf\">Ankieta_Brzesc_Kujawski<\/a><\/p>\n<p><a href=\"https:\/\/www.trakt.eu\/obwodnica_brzesc-kujawski\/wp-content\/uploads\/2023\/12\/Ulotka_informacyjna.pdf\">Ulotka_informacyjna<\/a><\/p>\n","protected":false},"excerpt":{"rendered":"<p>W dniu 02.11.2022 roku odby\u0142o si\u0119 spotkanie informacyjne w sprawie opracowania projektowego dla Obwodnicy Brze\u015bcia Kujawskiego. Trwa weryfikacja z\u0142o\u017conych wniosk\u00f3w, dzi\u0119kujemy za udzia\u0142 w spotkaniu. 01.01_Plan_orientacyjny 02.00_819_pl_syt_zbiorczy_calosc 03.00_819_pl_syt_Wariant_1 04.00_819_pl_syt_Wariant_1B 05.00_819_pl_syt_Wariant_2 Ankieta_Brzesc_Kujawski Ulotka_informacyjna<\/p>\n","protected":false},"author":1,"featured_media":0,"comment_status":"closed","ping_status":"closed","sticky":false,"template":"","format":"standard","meta":{"footnotes":""},"categories":[1],"tags":[],"class_list":["post-517","post","type-post","status-publish","format-standard","hentry","category-bez-kategorii"],"_links":{"self":[{"href":"https:\/\/www.trakt.eu\/obwodnica_brzesc-kujawski\/wp-json\/wp\/v2\/posts\/517","targetHints":{"allow":["GET"]}}],"collection":[{"href":"https:\/\/www.trakt.eu\/obwodnica_brzesc-kujawski\/wp-json\/wp\/v2\/posts"}],"about":[{"href":"https:\/\/www.trakt.eu\/obwodnica_brzesc-kujawski\/wp-json\/wp\/v2\/types\/post"}],"author":[{"embeddable":true,"href":"https:\/\/www.trakt.eu\/obwodnica_brzesc-kujawski\/wp-json\/wp\/v2\/users\/1"}],"replies":[{"embeddable":true,"href":"https:\/\/www.trakt.eu\/obwodnica_brzesc-kujawski\/wp-json\/wp\/v2\/comments?post=517"}],"version-history":[{"count":6,"href":"https:\/\/www.trakt.eu\/obwodnica_brzesc-kujawski\/wp-json\/wp\/v2\/posts\/517\/revisions"}],"predecessor-version":[{"id":558,"href":"https:\/\/www.trakt.eu\/obwodnica_brzesc-kujawski\/wp-json\/wp\/v2\/posts\/517\/revisions\/558"}],"wp:attachment":[{"href":"https:\/\/www.trakt.eu\/obwodnica_brzesc-kujawski\/wp-json\/wp\/v2\/media?parent=517"}],"wp:term":[{"taxonomy":"category","embeddable":true,"href":"https:\/\/www.trakt.eu\/obwodnica_brzesc-kujawski\/wp-json\/wp\/v2\/categories?post=517"},{"taxonomy":"post_tag","embeddable":true,"href":"https:\/\/www.trakt.eu\/obwodnica_brzesc-kujawski\/wp-json\/wp\/v2\/tags?post=517"}],"curies":[{"name":"wp","href":"https:\/\/api.w.org\/{rel}","templated":true}]}}