{"id":563,"date":"2022-12-22T13:14:32","date_gmt":"2022-12-22T12:14:32","guid":{"rendered":"https:\/\/www.trakt.eu\/wirwajdy-nowe_marzy\/?p=563"},"modified":"2024-01-23T09:40:41","modified_gmt":"2024-01-23T08:40:41","slug":"spotkania-informacyjne-wojewodztwo-kujawsko-pomorskie-16-01-2023-18-01-2023","status":"publish","type":"post","link":"https:\/\/www.trakt.eu\/wirwajdy-nowe_marzy\/spotkania-informacyjne-wojewodztwo-kujawsko-pomorskie-16-01-2023-18-01-2023\/","title":{"rendered":"Spotkania Informacyjne wojew\u00f3dztwo kujawsko-pomorskie 16.01.2023 \u2013 28.02.2023"},"content":{"rendered":"<p><strong>1. Harmonogram Spotka\u0144 Informacyjnych<\/strong><\/p>\n<ul>\n<li>Gmina Jab\u0142onowo Pomorskie i Gmina \u015awiecie nad Os\u0105<br \/>\n16 stycznia \/poniedzia\u0142ek\/ o godz. 17:00 w Gminnym O\u015brodku Kultury w m. \u015awiecie nad Os\u0105, ul. \u015awiecie nad Os\u0105 112<\/li>\n<\/ul>\n<p>&nbsp;<\/p>\n<ul>\n<li>Gmina Gruta i Gmina Radzy\u0144 Che\u0142mi\u0144ski<br \/>\n17 stycznia \/wtorek\/ o godz. 17:00 w Zespole Szk\u00f3\u0142 w Radzyniu Che\u0142mi\u0144skim, ul. Sady 14<\/li>\n<\/ul>\n<p>&nbsp;<\/p>\n<ul>\n<li>Gmina i Miasto Grudzi\u0105dz, Gmina P\u0142u\u017cnica i Gmina Stolno<br \/>\n18 stycznia \/\u015broda\/ o godz. 17:00 w Szkole Podstawowej w m. Sztynwag ul. Sztynwag 46<\/li>\n<\/ul>\n<p>&nbsp;<\/p>\n<p align=\"justify\"><span style=\"color: #000000;\"><span style=\"font-family: Arial, sans-serif;\"><span style=\"font-size: medium;\"><b>2. Do pobrania <\/b><\/span><\/span><\/span><\/p>\n<p align=\"justify\"><span style=\"color: #000000;\"><span style=\"font-family: Arial, sans-serif;\"><span style=\"font-size: medium;\"><b>Ankieta &#8211; termin sk\u0142adania ankiet 28.02.2023 r.<br \/>\n<\/b><\/span><\/span><\/span><\/p>\n<p><a href=\"https:\/\/www.trakt.eu\/wirwajdy-nowe_marzy\/wp-content\/uploads\/2023\/12\/S5_Ankieta_KP.pdf\">S5_Ankieta_KP<\/a><br \/>\n<a href=\"https:\/\/www.trakt.eu\/wirwajdy-nowe_marzy\/wp-content\/uploads\/2023\/12\/S5_Ankieta_KP.doc\">S5_Ankieta_KP.doc<\/a><\/p>\n<p align=\"justify\"><span style=\"color: #000000;\"><span style=\"font-family: Arial, sans-serif;\"><span style=\"font-size: medium;\"><b><span>Ulotka<\/span><span> informacyjna<\/span><\/b><\/span><\/span><\/span><\/p>\n<p><a href=\"https:\/\/www.trakt.eu\/wirwajdy-nowe_marzy\/wp-content\/uploads\/2023\/12\/01_Ulotka_kuj_pom.pdf\">01_Ulotka_kuj_pom<\/a><\/p>\n<p align=\"justify\"><span style=\"color: #000000;\"><span style=\"font-family: Arial, sans-serif;\"><span style=\"font-size: medium;\"><b>Plany sytuacyjne<\/b><\/span><\/span><\/span><\/p>\n<p><a href=\"https:\/\/www.trakt.eu\/wirwajdy-nowe_marzy\/wp-content\/uploads\/2023\/12\/W1_KP.zip\">W1_KP<\/a><br \/>\n<a href=\"https:\/\/www.trakt.eu\/wirwajdy-nowe_marzy\/wp-content\/uploads\/2023\/12\/W1A_KP.zip\">W1A_KP<\/a><br \/>\n<a href=\"https:\/\/www.trakt.eu\/wirwajdy-nowe_marzy\/wp-content\/uploads\/2023\/12\/W2_KP.zip\">W2_K2<\/a><br \/>\n<a href=\"https:\/\/www.trakt.eu\/wirwajdy-nowe_marzy\/wp-content\/uploads\/2023\/12\/W3_KP.zip\">W3_KP<\/a><br \/>\n<a href=\"https:\/\/www.trakt.eu\/wirwajdy-nowe_marzy\/wp-content\/uploads\/2023\/12\/W3B_KP.zip\">W3B_KP<\/a><\/p>\n","protected":false},"excerpt":{"rendered":"<p>1. Harmonogram Spotka\u0144 Informacyjnych Gmina Jab\u0142onowo Pomorskie i Gmina \u015awiecie nad Os\u0105 16 stycznia \/poniedzia\u0142ek\/ o godz. 17:00 w Gminnym O\u015brodku Kultury w m. \u015awiecie nad Os\u0105, ul. \u015awiecie nad Os\u0105 112 &nbsp; Gmina Gruta i Gmina Radzy\u0144 Che\u0142mi\u0144ski 17 stycznia \/wtorek\/ o godz. 17:00 w Zespole Szk\u00f3\u0142 w Radzyniu [&hellip;]<\/p>\n","protected":false},"author":1,"featured_media":0,"comment_status":"closed","ping_status":"closed","sticky":false,"template":"","format":"standard","meta":{"footnotes":""},"categories":[1],"tags":[],"class_list":["post-563","post","type-post","status-publish","format-standard","hentry","category-bez-kategorii"],"_links":{"self":[{"href":"https:\/\/www.trakt.eu\/wirwajdy-nowe_marzy\/wp-json\/wp\/v2\/posts\/563","targetHints":{"allow":["GET"]}}],"collection":[{"href":"https:\/\/www.trakt.eu\/wirwajdy-nowe_marzy\/wp-json\/wp\/v2\/posts"}],"about":[{"href":"https:\/\/www.trakt.eu\/wirwajdy-nowe_marzy\/wp-json\/wp\/v2\/types\/post"}],"author":[{"embeddable":true,"href":"https:\/\/www.trakt.eu\/wirwajdy-nowe_marzy\/wp-json\/wp\/v2\/users\/1"}],"replies":[{"embeddable":true,"href":"https:\/\/www.trakt.eu\/wirwajdy-nowe_marzy\/wp-json\/wp\/v2\/comments?post=563"}],"version-history":[{"count":30,"href":"https:\/\/www.trakt.eu\/wirwajdy-nowe_marzy\/wp-json\/wp\/v2\/posts\/563\/revisions"}],"predecessor-version":[{"id":766,"href":"https:\/\/www.trakt.eu\/wirwajdy-nowe_marzy\/wp-json\/wp\/v2\/posts\/563\/revisions\/766"}],"wp:attachment":[{"href":"https:\/\/www.trakt.eu\/wirwajdy-nowe_marzy\/wp-json\/wp\/v2\/media?parent=563"}],"wp:term":[{"taxonomy":"category","embeddable":true,"href":"https:\/\/www.trakt.eu\/wirwajdy-nowe_marzy\/wp-json\/wp\/v2\/categories?post=563"},{"taxonomy":"post_tag","embeddable":true,"href":"https:\/\/www.trakt.eu\/wirwajdy-nowe_marzy\/wp-json\/wp\/v2\/tags?post=563"}],"curies":[{"name":"wp","href":"https:\/\/api.w.org\/{rel}","templated":true}]}}